{"id":2614,"date":"2019-11-20T16:01:48","date_gmt":"2019-11-20T16:01:48","guid":{"rendered":"https:\/\/www.bgeo.es\/?p=2614"},"modified":"2019-11-20T16:38:42","modified_gmt":"2019-11-20T16:38:42","slug":"giswater-3-3-presentada-en-el-xviii-forum-tig-sig-de-actig","status":"publish","type":"post","link":"https:\/\/www.bgeo.es\/es\/giswater-3-3-presentada-en-el-xviii-forum-tig-sig-de-actig\/","title":{"rendered":"Giswater 3.3 presentada en el XVIII FORUM TIG-SIG de ACTIG"},"content":{"rendered":"<p style=\"text-align: justify;\">El pasado d\u00eda 14 de noviembre, se celebr\u00f3 el XVIII FORUM TIG-SIG organizado por la Associaci\u00f3 Catalana de Tecnologies de la Informaci\u00f3 Geoespacial (ACTIG) en el Born Centre Cultural de Barcelona. El evento ten\u00eda como objetivo debatir a trav\u00e9s de la mirada de sus profesionales el estado de la geoinformaci\u00f3n y estaba enfocado en 4 grandes grupos de debate: Administraci\u00f3n, Empresa, Sociedad y Educaci\u00f3n.<\/p>\n<p style=\"text-align: justify;\">Al evento asistieron unas 150 personas y contaron con la participaci\u00f3n de dos de los miembros de BGEO, Sergio Mu\u00f1oz, consultor de modelos hidr\u00e1ulicos, y Albert Bofill, coordinador de producto y negocio. En los debates de la ma\u00f1ana se trataron diferentes ideas y propuestas sobre la geoinformaci\u00f3n, a trav\u00e9s de diferentes expertos en la materia.<\/p>\n<p style=\"text-align: justify;\">Por la tarde y enmarcada en una nueva edici\u00f3n de BITS de SIG, Albert Bofill present\u00f3 las novedades de la nueva versi\u00f3n de Giswater 3.3, entre las que destaco la posibilidad de hacer &#8216;info&#8217; con el nuevo bot\u00f3n del plugin a los elementos de red sin necesidad de tener capa activa, las mejoras en los proyectos de QGIS gracias a la reducci\u00f3n del n\u00famero de capas cargadas y los nuevos pol\u00edgonos que representan rejas en funci\u00f3n de las midas que tengan en los respectivos cat\u00e1logos.<\/p>\n<p style=\"text-align: justify;\">Este evento que tambi\u00e9n cont\u00f3 con nuestro patrocinio junto con otras empresas del sector plante\u00f3 el objetivo de realizar jornadas m\u00e1s espec\u00edficas, a lo largo del a\u00f1o 2020, donde se encuentren respuestas a las preguntas planteadas en los debates. BGEO participar\u00e1 en estos debates para colaborar con el mundo de la geoinformaci\u00f3n y obtener un documento resumen sobre su estado y perspectivas de futuro.<\/p>\n\n\t\t<style type=\"text\/css\">\n\t\t\t#gallery-1 {\n\t\t\t\tmargin: auto;\n\t\t\t}\n\t\t\t#gallery-1 .gallery-item {\n\t\t\t\tfloat: left;\n\t\t\t\tmargin-top: 10px;\n\t\t\t\ttext-align: center;\n\t\t\t\twidth: 33%;\n\t\t\t}\n\t\t\t#gallery-1 img {\n\t\t\t\tborder: 2px solid #cfcfcf;\n\t\t\t}\n\t\t\t#gallery-1 .gallery-caption {\n\t\t\t\tmargin-left: 0;\n\t\t\t}\n\t\t\t\/* see gallery_shortcode() in wp-includes\/media.php *\/\n\t\t<\/style>\n\t\t<div id='gallery-1' class='gallery galleryid-2614 gallery-columns-3 gallery-size-thumbnail'><dl class='gallery-item'>\n\t\t\t<dt class='gallery-icon landscape'>\n\t\t\t\t<a href='https:\/\/www.bgeo.es\/wp-content\/uploads\/2019\/11\/WhatsApp-Image-2019-11-14-at-10.37.462.jpeg'><img width=\"150\" height=\"150\" src=\"https:\/\/www.bgeo.es\/wp-content\/uploads\/2019\/11\/WhatsApp-Image-2019-11-14-at-10.37.462-150x150.jpeg\" class=\"attachment-thumbnail size-thumbnail\" alt=\"\" loading=\"lazy\" aria-describedby=\"gallery-1-2657\" srcset=\"https:\/\/www.bgeo.es\/wp-content\/uploads\/2019\/11\/WhatsApp-Image-2019-11-14-at-10.37.462-150x150.jpeg 150w, https:\/\/www.bgeo.es\/wp-content\/uploads\/2019\/11\/WhatsApp-Image-2019-11-14-at-10.37.462-66x66.jpeg 66w\" sizes=\"(max-width: 150px) 100vw, 150px\" \/><\/a>\n\t\t\t<\/dt>\n\t\t\t\t<dd class='wp-caption-text gallery-caption' id='gallery-1-2657'>\n\t\t\t\tACTIG &#8211; H\u00e8lix Administraci\u00f3\n\t\t\t\t<\/dd><\/dl><dl class='gallery-item'>\n\t\t\t<dt class='gallery-icon landscape'>\n\t\t\t\t<a href='https:\/\/www.bgeo.es\/wp-content\/uploads\/2019\/11\/WhatsApp-Image-2019-11-14-at-17.23.50-12.jpeg'><img width=\"150\" height=\"150\" src=\"https:\/\/www.bgeo.es\/wp-content\/uploads\/2019\/11\/WhatsApp-Image-2019-11-14-at-17.23.50-12-150x150.jpeg\" class=\"attachment-thumbnail size-thumbnail\" alt=\"\" loading=\"lazy\" aria-describedby=\"gallery-1-2655\" srcset=\"https:\/\/www.bgeo.es\/wp-content\/uploads\/2019\/11\/WhatsApp-Image-2019-11-14-at-17.23.50-12-150x150.jpeg 150w, https:\/\/www.bgeo.es\/wp-content\/uploads\/2019\/11\/WhatsApp-Image-2019-11-14-at-17.23.50-12-66x66.jpeg 66w\" sizes=\"(max-width: 150px) 100vw, 150px\" \/><\/a>\n\t\t\t<\/dt>\n\t\t\t\t<dd class='wp-caption-text gallery-caption' id='gallery-1-2655'>\n\t\t\t\tACTIG &#8211; Presentaci\u00f3n Giswater 3.3\n\t\t\t\t<\/dd><\/dl><dl class='gallery-item'>\n\t\t\t<dt class='gallery-icon landscape'>\n\t\t\t\t<a href='https:\/\/www.bgeo.es\/wp-content\/uploads\/2019\/11\/WhatsApp-Image-2019-11-14-at-17.23.502.jpeg'><img width=\"150\" height=\"150\" src=\"https:\/\/www.bgeo.es\/wp-content\/uploads\/2019\/11\/WhatsApp-Image-2019-11-14-at-17.23.502-150x150.jpeg\" class=\"attachment-thumbnail size-thumbnail\" alt=\"\" loading=\"lazy\" aria-describedby=\"gallery-1-2656\" srcset=\"https:\/\/www.bgeo.es\/wp-content\/uploads\/2019\/11\/WhatsApp-Image-2019-11-14-at-17.23.502-150x150.jpeg 150w, https:\/\/www.bgeo.es\/wp-content\/uploads\/2019\/11\/WhatsApp-Image-2019-11-14-at-17.23.502-66x66.jpeg 66w\" sizes=\"(max-width: 150px) 100vw, 150px\" \/><\/a>\n\t\t\t<\/dt>\n\t\t\t\t<dd class='wp-caption-text gallery-caption' id='gallery-1-2656'>\n\t\t\t\tACTIG &#8211; Presentaci\u00f3n Giswater 3.3\n\t\t\t\t<\/dd><\/dl><br style=\"clear: both\" \/>\n\t\t<\/div>\n\n","protected":false},"excerpt":{"rendered":"<p>El pasado d\u00eda 14 de noviembre, se celebr\u00f3 el XVIII FORUM TIG-SIG organizado por la Associaci\u00f3 Catalana de Tecnologies de la Informaci\u00f3 Geoespacial (ACTIG) en el Born Centre Cultural de Barcelona. El evento ten\u00eda como objetivo debatir a trav\u00e9s de la mirada de sus profesionales el estado de la geoinformaci\u00f3n y estaba enfocado en 4 [&hellip;]<\/p>\n","protected":false},"author":1,"featured_media":2620,"comment_status":"closed","ping_status":"open","sticky":false,"template":"","format":"standard","meta":{"_et_pb_use_builder":"","_et_pb_old_content":"","_et_gb_content_width":""},"categories":[12],"tags":[],"yoast_head":"<!-- This site is optimized with the Yoast SEO plugin v17.6 - https:\/\/yoast.com\/wordpress\/plugins\/seo\/ -->\n<title>Giswater 3.3 presentada en el XVIII FORUM TIG-SIG de ACTIG - BGEO - OPEN GIS &amp; WATER SOLUTIONS<\/title>\n<meta name=\"robots\" content=\"index, follow, max-snippet:-1, max-image-preview:large, max-video-preview:-1\" \/>\n<link rel=\"canonical\" href=\"https:\/\/www.bgeo.es\/es\/giswater-3-3-presentada-en-el-xviii-forum-tig-sig-de-actig\/\" \/>\n<meta property=\"og:locale\" content=\"es_ES\" \/>\n<meta property=\"og:type\" content=\"article\" \/>\n<meta property=\"og:title\" content=\"Giswater 3.3 presentada en el XVIII FORUM TIG-SIG de ACTIG - BGEO - OPEN GIS &amp; WATER SOLUTIONS\" \/>\n<meta property=\"og:description\" content=\"El pasado d\u00eda 14 de noviembre, se celebr\u00f3 el XVIII FORUM TIG-SIG organizado por la Associaci\u00f3 Catalana de Tecnologies de la Informaci\u00f3 Geoespacial (ACTIG) en el Born Centre Cultural de Barcelona. El evento ten\u00eda como objetivo debatir a trav\u00e9s de la mirada de sus profesionales el estado de la geoinformaci\u00f3n y estaba enfocado en 4 [&hellip;]\" \/>\n<meta property=\"og:url\" content=\"https:\/\/www.bgeo.es\/es\/giswater-3-3-presentada-en-el-xviii-forum-tig-sig-de-actig\/\" \/>\n<meta property=\"og:site_name\" content=\"BGEO - OPEN GIS &amp; WATER SOLUTIONS\" \/>\n<meta property=\"article:publisher\" content=\"https:\/\/www.facebook.com\/bgeo.opengis\/\" \/>\n<meta property=\"article:published_time\" content=\"2019-11-20T16:01:48+00:00\" \/>\n<meta property=\"article:modified_time\" content=\"2019-11-20T16:38:42+00:00\" \/>\n<meta property=\"og:image\" content=\"https:\/\/www.bgeo.es\/wp-content\/uploads\/2019\/11\/WhatsApp-Image-2019-11-14-at-09.54.51.jpeg\" \/>\n\t<meta property=\"og:image:width\" content=\"2000\" \/>\n\t<meta property=\"og:image:height\" content=\"1000\" \/>\n<meta name=\"twitter:card\" content=\"summary_large_image\" \/>\n<meta name=\"twitter:creator\" content=\"@bgeo_opengis\" \/>\n<meta name=\"twitter:site\" content=\"@bgeo_opengis\" \/>\n<meta name=\"twitter:label1\" content=\"Escrito por\" \/>\n\t<meta name=\"twitter:data1\" content=\"admin\" \/>\n\t<meta name=\"twitter:label2\" content=\"Tiempo de lectura\" \/>\n\t<meta name=\"twitter:data2\" content=\"1 minuto\" \/>\n<script type=\"application\/ld+json\" class=\"yoast-schema-graph\">{\"@context\":\"https:\/\/schema.org\",\"@graph\":[{\"@type\":\"Organization\",\"@id\":\"https:\/\/www.bgeo.es\/#organization\",\"name\":\"BGEO\",\"url\":\"https:\/\/www.bgeo.es\/\",\"sameAs\":[\"https:\/\/www.facebook.com\/bgeo.opengis\/\",\"https:\/\/www.instagram.com\/bgeogis\/\",\"https:\/\/www.linkedin.com\/company\/bgeoopengissl\/\",\"https:\/\/twitter.com\/bgeo_opengis\"],\"logo\":{\"@type\":\"ImageObject\",\"@id\":\"https:\/\/www.bgeo.es\/#logo\",\"inLanguage\":\"es\",\"url\":\"https:\/\/www.bgeo.es\/wp-content\/uploads\/2014\/09\/BGEO_LOGO_600px-02-e1414015439640.png\",\"contentUrl\":\"https:\/\/www.bgeo.es\/wp-content\/uploads\/2014\/09\/BGEO_LOGO_600px-02-e1414015439640.png\",\"width\":150,\"height\":78,\"caption\":\"BGEO\"},\"image\":{\"@id\":\"https:\/\/www.bgeo.es\/#logo\"}},{\"@type\":\"WebSite\",\"@id\":\"https:\/\/www.bgeo.es\/#website\",\"url\":\"https:\/\/www.bgeo.es\/\",\"name\":\"BGEO - OPEN GIS &amp; WATER SOLUTIONS\",\"description\":\"Open gis water solutions\",\"publisher\":{\"@id\":\"https:\/\/www.bgeo.es\/#organization\"},\"potentialAction\":[{\"@type\":\"SearchAction\",\"target\":{\"@type\":\"EntryPoint\",\"urlTemplate\":\"https:\/\/www.bgeo.es\/?s={search_term_string}\"},\"query-input\":\"required name=search_term_string\"}],\"inLanguage\":\"es\"},{\"@type\":\"ImageObject\",\"@id\":\"https:\/\/www.bgeo.es\/es\/giswater-3-3-presentada-en-el-xviii-forum-tig-sig-de-actig\/#primaryimage\",\"inLanguage\":\"es\",\"url\":\"https:\/\/www.bgeo.es\/wp-content\/uploads\/2019\/11\/WhatsApp-Image-2019-11-14-at-09.54.51.jpeg\",\"contentUrl\":\"https:\/\/www.bgeo.es\/wp-content\/uploads\/2019\/11\/WhatsApp-Image-2019-11-14-at-09.54.51.jpeg\",\"width\":2000,\"height\":1000,\"caption\":\"ACTIG - Presentaci\\u00f3n\"},{\"@type\":\"WebPage\",\"@id\":\"https:\/\/www.bgeo.es\/es\/giswater-3-3-presentada-en-el-xviii-forum-tig-sig-de-actig\/#webpage\",\"url\":\"https:\/\/www.bgeo.es\/es\/giswater-3-3-presentada-en-el-xviii-forum-tig-sig-de-actig\/\",\"name\":\"Giswater 3.3 presentada en el XVIII FORUM TIG-SIG de ACTIG - BGEO - OPEN GIS &amp; WATER SOLUTIONS\",\"isPartOf\":{\"@id\":\"https:\/\/www.bgeo.es\/#website\"},\"primaryImageOfPage\":{\"@id\":\"https:\/\/www.bgeo.es\/es\/giswater-3-3-presentada-en-el-xviii-forum-tig-sig-de-actig\/#primaryimage\"},\"datePublished\":\"2019-11-20T16:01:48+00:00\",\"dateModified\":\"2019-11-20T16:38:42+00:00\",\"breadcrumb\":{\"@id\":\"https:\/\/www.bgeo.es\/es\/giswater-3-3-presentada-en-el-xviii-forum-tig-sig-de-actig\/#breadcrumb\"},\"inLanguage\":\"es\",\"potentialAction\":[{\"@type\":\"ReadAction\",\"target\":[\"https:\/\/www.bgeo.es\/es\/giswater-3-3-presentada-en-el-xviii-forum-tig-sig-de-actig\/\"]}]},{\"@type\":\"BreadcrumbList\",\"@id\":\"https:\/\/www.bgeo.es\/es\/giswater-3-3-presentada-en-el-xviii-forum-tig-sig-de-actig\/#breadcrumb\",\"itemListElement\":[{\"@type\":\"ListItem\",\"position\":1,\"name\":\"Inici\",\"item\":\"https:\/\/www.bgeo.es\/es\/\"},{\"@type\":\"ListItem\",\"position\":2,\"name\":\"Giswater 3.3 presentada en el XVIII FORUM TIG-SIG de ACTIG\"}]},{\"@type\":\"Article\",\"@id\":\"https:\/\/www.bgeo.es\/es\/giswater-3-3-presentada-en-el-xviii-forum-tig-sig-de-actig\/#article\",\"isPartOf\":{\"@id\":\"https:\/\/www.bgeo.es\/es\/giswater-3-3-presentada-en-el-xviii-forum-tig-sig-de-actig\/#webpage\"},\"author\":{\"@id\":\"https:\/\/www.bgeo.es\/#\/schema\/person\/d89ebae787d55b9c1e9bb7c173edea9a\"},\"headline\":\"Giswater 3.3 presentada en el XVIII FORUM TIG-SIG de ACTIG\",\"datePublished\":\"2019-11-20T16:01:48+00:00\",\"dateModified\":\"2019-11-20T16:38:42+00:00\",\"mainEntityOfPage\":{\"@id\":\"https:\/\/www.bgeo.es\/es\/giswater-3-3-presentada-en-el-xviii-forum-tig-sig-de-actig\/#webpage\"},\"wordCount\":301,\"publisher\":{\"@id\":\"https:\/\/www.bgeo.es\/#organization\"},\"image\":{\"@id\":\"https:\/\/www.bgeo.es\/es\/giswater-3-3-presentada-en-el-xviii-forum-tig-sig-de-actig\/#primaryimage\"},\"thumbnailUrl\":\"https:\/\/www.bgeo.es\/wp-content\/uploads\/2019\/11\/WhatsApp-Image-2019-11-14-at-09.54.51.jpeg\",\"articleSection\":[\"Uncategorized\"],\"inLanguage\":\"es\"},{\"@type\":\"Person\",\"@id\":\"https:\/\/www.bgeo.es\/#\/schema\/person\/d89ebae787d55b9c1e9bb7c173edea9a\",\"name\":\"admin\",\"image\":{\"@type\":\"ImageObject\",\"@id\":\"https:\/\/www.bgeo.es\/#personlogo\",\"inLanguage\":\"es\",\"url\":\"https:\/\/secure.gravatar.com\/avatar\/bc5fb6de3f9dd61573ddd6b960e9f5d0?s=96&d=mm&r=g\",\"contentUrl\":\"https:\/\/secure.gravatar.com\/avatar\/bc5fb6de3f9dd61573ddd6b960e9f5d0?s=96&d=mm&r=g\",\"caption\":\"admin\"}}]}<\/script>\n<!-- \/ Yoast SEO plugin. -->","yoast_head_json":{"title":"Giswater 3.3 presentada en el XVIII FORUM TIG-SIG de ACTIG - BGEO - OPEN GIS &amp; WATER SOLUTIONS","robots":{"index":"index","follow":"follow","max-snippet":"max-snippet:-1","max-image-preview":"max-image-preview:large","max-video-preview":"max-video-preview:-1"},"canonical":"https:\/\/www.bgeo.es\/es\/giswater-3-3-presentada-en-el-xviii-forum-tig-sig-de-actig\/","og_locale":"es_ES","og_type":"article","og_title":"Giswater 3.3 presentada en el XVIII FORUM TIG-SIG de ACTIG - BGEO - OPEN GIS &amp; WATER SOLUTIONS","og_description":"El pasado d\u00eda 14 de noviembre, se celebr\u00f3 el XVIII FORUM TIG-SIG organizado por la Associaci\u00f3 Catalana de Tecnologies de la Informaci\u00f3 Geoespacial (ACTIG) en el Born Centre Cultural de Barcelona. El evento ten\u00eda como objetivo debatir a trav\u00e9s de la mirada de sus profesionales el estado de la geoinformaci\u00f3n y estaba enfocado en 4 [&hellip;]","og_url":"https:\/\/www.bgeo.es\/es\/giswater-3-3-presentada-en-el-xviii-forum-tig-sig-de-actig\/","og_site_name":"BGEO - OPEN GIS &amp; WATER SOLUTIONS","article_publisher":"https:\/\/www.facebook.com\/bgeo.opengis\/","article_published_time":"2019-11-20T16:01:48+00:00","article_modified_time":"2019-11-20T16:38:42+00:00","og_image":[{"width":2000,"height":1000,"url":"https:\/\/www.bgeo.es\/wp-content\/uploads\/2019\/11\/WhatsApp-Image-2019-11-14-at-09.54.51.jpeg","type":"image\/jpeg"}],"twitter_card":"summary_large_image","twitter_creator":"@bgeo_opengis","twitter_site":"@bgeo_opengis","twitter_misc":{"Escrito por":"admin","Tiempo de lectura":"1 minuto"},"schema":{"@context":"https:\/\/schema.org","@graph":[{"@type":"Organization","@id":"https:\/\/www.bgeo.es\/#organization","name":"BGEO","url":"https:\/\/www.bgeo.es\/","sameAs":["https:\/\/www.facebook.com\/bgeo.opengis\/","https:\/\/www.instagram.com\/bgeogis\/","https:\/\/www.linkedin.com\/company\/bgeoopengissl\/","https:\/\/twitter.com\/bgeo_opengis"],"logo":{"@type":"ImageObject","@id":"https:\/\/www.bgeo.es\/#logo","inLanguage":"es","url":"https:\/\/www.bgeo.es\/wp-content\/uploads\/2014\/09\/BGEO_LOGO_600px-02-e1414015439640.png","contentUrl":"https:\/\/www.bgeo.es\/wp-content\/uploads\/2014\/09\/BGEO_LOGO_600px-02-e1414015439640.png","width":150,"height":78,"caption":"BGEO"},"image":{"@id":"https:\/\/www.bgeo.es\/#logo"}},{"@type":"WebSite","@id":"https:\/\/www.bgeo.es\/#website","url":"https:\/\/www.bgeo.es\/","name":"BGEO - OPEN GIS &amp; WATER SOLUTIONS","description":"Open gis water solutions","publisher":{"@id":"https:\/\/www.bgeo.es\/#organization"},"potentialAction":[{"@type":"SearchAction","target":{"@type":"EntryPoint","urlTemplate":"https:\/\/www.bgeo.es\/?s={search_term_string}"},"query-input":"required name=search_term_string"}],"inLanguage":"es"},{"@type":"ImageObject","@id":"https:\/\/www.bgeo.es\/es\/giswater-3-3-presentada-en-el-xviii-forum-tig-sig-de-actig\/#primaryimage","inLanguage":"es","url":"https:\/\/www.bgeo.es\/wp-content\/uploads\/2019\/11\/WhatsApp-Image-2019-11-14-at-09.54.51.jpeg","contentUrl":"https:\/\/www.bgeo.es\/wp-content\/uploads\/2019\/11\/WhatsApp-Image-2019-11-14-at-09.54.51.jpeg","width":2000,"height":1000,"caption":"ACTIG - Presentaci\u00f3n"},{"@type":"WebPage","@id":"https:\/\/www.bgeo.es\/es\/giswater-3-3-presentada-en-el-xviii-forum-tig-sig-de-actig\/#webpage","url":"https:\/\/www.bgeo.es\/es\/giswater-3-3-presentada-en-el-xviii-forum-tig-sig-de-actig\/","name":"Giswater 3.3 presentada en el XVIII FORUM TIG-SIG de ACTIG - BGEO - OPEN GIS &amp; WATER SOLUTIONS","isPartOf":{"@id":"https:\/\/www.bgeo.es\/#website"},"primaryImageOfPage":{"@id":"https:\/\/www.bgeo.es\/es\/giswater-3-3-presentada-en-el-xviii-forum-tig-sig-de-actig\/#primaryimage"},"datePublished":"2019-11-20T16:01:48+00:00","dateModified":"2019-11-20T16:38:42+00:00","breadcrumb":{"@id":"https:\/\/www.bgeo.es\/es\/giswater-3-3-presentada-en-el-xviii-forum-tig-sig-de-actig\/#breadcrumb"},"inLanguage":"es","potentialAction":[{"@type":"ReadAction","target":["https:\/\/www.bgeo.es\/es\/giswater-3-3-presentada-en-el-xviii-forum-tig-sig-de-actig\/"]}]},{"@type":"BreadcrumbList","@id":"https:\/\/www.bgeo.es\/es\/giswater-3-3-presentada-en-el-xviii-forum-tig-sig-de-actig\/#breadcrumb","itemListElement":[{"@type":"ListItem","position":1,"name":"Inici","item":"https:\/\/www.bgeo.es\/es\/"},{"@type":"ListItem","position":2,"name":"Giswater 3.3 presentada en el XVIII FORUM TIG-SIG de ACTIG"}]},{"@type":"Article","@id":"https:\/\/www.bgeo.es\/es\/giswater-3-3-presentada-en-el-xviii-forum-tig-sig-de-actig\/#article","isPartOf":{"@id":"https:\/\/www.bgeo.es\/es\/giswater-3-3-presentada-en-el-xviii-forum-tig-sig-de-actig\/#webpage"},"author":{"@id":"https:\/\/www.bgeo.es\/#\/schema\/person\/d89ebae787d55b9c1e9bb7c173edea9a"},"headline":"Giswater 3.3 presentada en el XVIII FORUM TIG-SIG de ACTIG","datePublished":"2019-11-20T16:01:48+00:00","dateModified":"2019-11-20T16:38:42+00:00","mainEntityOfPage":{"@id":"https:\/\/www.bgeo.es\/es\/giswater-3-3-presentada-en-el-xviii-forum-tig-sig-de-actig\/#webpage"},"wordCount":301,"publisher":{"@id":"https:\/\/www.bgeo.es\/#organization"},"image":{"@id":"https:\/\/www.bgeo.es\/es\/giswater-3-3-presentada-en-el-xviii-forum-tig-sig-de-actig\/#primaryimage"},"thumbnailUrl":"https:\/\/www.bgeo.es\/wp-content\/uploads\/2019\/11\/WhatsApp-Image-2019-11-14-at-09.54.51.jpeg","articleSection":["Uncategorized"],"inLanguage":"es"},{"@type":"Person","@id":"https:\/\/www.bgeo.es\/#\/schema\/person\/d89ebae787d55b9c1e9bb7c173edea9a","name":"admin","image":{"@type":"ImageObject","@id":"https:\/\/www.bgeo.es\/#personlogo","inLanguage":"es","url":"https:\/\/secure.gravatar.com\/avatar\/bc5fb6de3f9dd61573ddd6b960e9f5d0?s=96&d=mm&r=g","contentUrl":"https:\/\/secure.gravatar.com\/avatar\/bc5fb6de3f9dd61573ddd6b960e9f5d0?s=96&d=mm&r=g","caption":"admin"}}]}},"_links":{"self":[{"href":"https:\/\/www.bgeo.es\/es\/wp-json\/wp\/v2\/posts\/2614"}],"collection":[{"href":"https:\/\/www.bgeo.es\/es\/wp-json\/wp\/v2\/posts"}],"about":[{"href":"https:\/\/www.bgeo.es\/es\/wp-json\/wp\/v2\/types\/post"}],"author":[{"embeddable":true,"href":"https:\/\/www.bgeo.es\/es\/wp-json\/wp\/v2\/users\/1"}],"replies":[{"embeddable":true,"href":"https:\/\/www.bgeo.es\/es\/wp-json\/wp\/v2\/comments?post=2614"}],"version-history":[{"count":6,"href":"https:\/\/www.bgeo.es\/es\/wp-json\/wp\/v2\/posts\/2614\/revisions"}],"predecessor-version":[{"id":2659,"href":"https:\/\/www.bgeo.es\/es\/wp-json\/wp\/v2\/posts\/2614\/revisions\/2659"}],"wp:featuredmedia":[{"embeddable":true,"href":"https:\/\/www.bgeo.es\/es\/wp-json\/wp\/v2\/media\/2620"}],"wp:attachment":[{"href":"https:\/\/www.bgeo.es\/es\/wp-json\/wp\/v2\/media?parent=2614"}],"wp:term":[{"taxonomy":"category","embeddable":true,"href":"https:\/\/www.bgeo.es\/es\/wp-json\/wp\/v2\/categories?post=2614"},{"taxonomy":"post_tag","embeddable":true,"href":"https:\/\/www.bgeo.es\/es\/wp-json\/wp\/v2\/tags?post=2614"}],"curies":[{"name":"wp","href":"https:\/\/api.w.org\/{rel}","templated":true}]}}