{"id":1782,"date":"2016-06-09T14:50:50","date_gmt":"2016-06-09T14:50:50","guid":{"rendered":"https:\/\/www.bgeo.es\/?p=1782"},"modified":"2021-11-12T12:17:36","modified_gmt":"2021-11-12T12:17:36","slug":"bgeo-protagonista-en-las-jornadas-de-sig-libre","status":"publish","type":"post","link":"https:\/\/www.bgeo.es\/es\/bgeo-protagonista-en-las-jornadas-de-sig-libre\/","title":{"rendered":"BGEO presente en las Jornadas de SIG Libre de Girona"},"content":{"rendered":"<p>BGEO tuvo un papel destacado en la Jornadas de SIG Libre organizadas este mes de mayo por SIGTE (Servicio de Sistemas de Informaci\u00f3n Geogr\u00e1fica y Teledetecci\u00f3n de la Universitat de Girona).  Xavier Torret y Josep Llu\u00eds Sala (BGEO), acompa\u00f1ados de Vicente Medina (GITS-UPC), impartieron una charla sobre<em> Gesti\u00f3n de firmes y pavimentos urbanos con QGIS<\/em> y ofrecieron un taller monogr\u00e1fico sobre la herramienta Giswater. El objetivo del taller era demostrar las oportunidades que presenta Giswater para ingenieros hidr\u00e1ulicos, administraciones p\u00fablicas y en general todo el sector del agua.<\/p>\n<p>Durante el taller se trabaj\u00f3 un caso pr\u00e1ctico con aplicaci\u00f3n para redes de abastecimiento, saneamiento o drenaje urbano. El taller empez\u00f3 con una breve introducci\u00f3n conceptual, a partir de la cual se explic\u00f3 el manejo b\u00e1sico de datos de una red usando el software QGIS. El objetivo era entender la l\u00f3gica de trabajo del modelo de datos que se utiliza para las redes urbanas. Tambi\u00e9n se di\u00f3 una breve pincelada sobre los motores inform\u00e1ticos que operan detr\u00e1s de la interfaz de QGIS como son EPANET, SWMM y la base de datos PostgreSQL.<\/p>\n<p>El taller fue dirigido a ingenieros, t\u00e9cnicos y especialistas que trabajan en las \u00e1reas de los sistemas de informaci\u00f3n geogr\u00e1fica, ingenier\u00eda y operaciones dentro de organizaciones vinculadas con la gesti\u00f3n del agua.<\/p>\n<p>Las Jornadas de SIG Libre son un evento importante en el \u00e1mbito del software libre y llegan a la d\u00e9cima edici\u00f3n con el objetivo de compartir conocimientos, experiencias y crear sinergias entre los diferentes actores del sector. Por este motivo las Jornadas son un punto de encuentro de referencia para la comunidad de desarrolladores y usuarios del proyecto QGIS.<\/p>\n<p>&nbsp;<\/p>\n<p>&nbsp;<\/p>\n","protected":false},"excerpt":{"rendered":"<p>BGEO tuvo un papel destacado en la Jornadas de SIG Libre organizadas este mes de mayo por SIGTE (Servicio de Sistemas de Informaci\u00f3n Geogr\u00e1fica y Teledetecci\u00f3n de la Universitat de Girona). Xavier Torret y Josep Llu\u00eds Sala (BGEO), acompa\u00f1ados de Vicente Medina (GITS-UPC), impartieron una charla sobre Gesti\u00f3n de firmes y pavimentos urbanos con QGIS [&hellip;]<\/p>\n","protected":false},"author":1,"featured_media":1778,"comment_status":"open","ping_status":"open","sticky":false,"template":"","format":"standard","meta":{"_et_pb_use_builder":"","_et_pb_old_content":"","_et_gb_content_width":""},"categories":[58,12],"tags":[],"yoast_head":"<!-- This site is optimized with the Yoast SEO plugin v17.6 - https:\/\/yoast.com\/wordpress\/plugins\/seo\/ -->\n<title>BGEO presente en las Jornadas de SIG Libre de Girona - BGEO - OPEN GIS &amp; WATER SOLUTIONS<\/title>\n<meta name=\"robots\" content=\"index, follow, max-snippet:-1, max-image-preview:large, max-video-preview:-1\" \/>\n<link rel=\"canonical\" href=\"https:\/\/www.bgeo.es\/es\/bgeo-protagonista-en-las-jornadas-de-sig-libre\/\" \/>\n<meta property=\"og:locale\" content=\"es_ES\" \/>\n<meta property=\"og:type\" content=\"article\" \/>\n<meta property=\"og:title\" content=\"BGEO presente en las Jornadas de SIG Libre de Girona - BGEO - OPEN GIS &amp; WATER SOLUTIONS\" \/>\n<meta property=\"og:description\" content=\"BGEO tuvo un papel destacado en la Jornadas de SIG Libre organizadas este mes de mayo por SIGTE (Servicio de Sistemas de Informaci\u00f3n Geogr\u00e1fica y Teledetecci\u00f3n de la Universitat de Girona). Xavier Torret y Josep Llu\u00eds Sala (BGEO), acompa\u00f1ados de Vicente Medina (GITS-UPC), impartieron una charla sobre Gesti\u00f3n de firmes y pavimentos urbanos con QGIS [&hellip;]\" \/>\n<meta property=\"og:url\" content=\"https:\/\/www.bgeo.es\/es\/bgeo-protagonista-en-las-jornadas-de-sig-libre\/\" \/>\n<meta property=\"og:site_name\" content=\"BGEO - OPEN GIS &amp; WATER SOLUTIONS\" \/>\n<meta property=\"article:publisher\" content=\"https:\/\/www.facebook.com\/bgeo.opengis\/\" \/>\n<meta property=\"article:published_time\" content=\"2016-06-09T14:50:50+00:00\" \/>\n<meta property=\"article:modified_time\" content=\"2021-11-12T12:17:36+00:00\" \/>\n<meta property=\"og:image\" content=\"https:\/\/www.bgeo.es\/wp-content\/uploads\/2016\/06\/13263791_1617592945129854_7789743426014782938_n.jpg\" \/>\n\t<meta property=\"og:image:width\" content=\"960\" \/>\n\t<meta property=\"og:image:height\" content=\"540\" \/>\n<meta name=\"twitter:card\" content=\"summary_large_image\" \/>\n<meta name=\"twitter:creator\" content=\"@bgeo_opengis\" \/>\n<meta name=\"twitter:site\" content=\"@bgeo_opengis\" \/>\n<meta name=\"twitter:label1\" content=\"Escrito por\" \/>\n\t<meta name=\"twitter:data1\" content=\"admin\" \/>\n\t<meta name=\"twitter:label2\" content=\"Tiempo de lectura\" \/>\n\t<meta name=\"twitter:data2\" content=\"1 minuto\" \/>\n<script type=\"application\/ld+json\" class=\"yoast-schema-graph\">{\"@context\":\"https:\/\/schema.org\",\"@graph\":[{\"@type\":\"Organization\",\"@id\":\"https:\/\/www.bgeo.es\/#organization\",\"name\":\"BGEO\",\"url\":\"https:\/\/www.bgeo.es\/\",\"sameAs\":[\"https:\/\/www.facebook.com\/bgeo.opengis\/\",\"https:\/\/www.instagram.com\/bgeogis\/\",\"https:\/\/www.linkedin.com\/company\/bgeoopengissl\/\",\"https:\/\/twitter.com\/bgeo_opengis\"],\"logo\":{\"@type\":\"ImageObject\",\"@id\":\"https:\/\/www.bgeo.es\/#logo\",\"inLanguage\":\"es\",\"url\":\"https:\/\/www.bgeo.es\/wp-content\/uploads\/2014\/09\/BGEO_LOGO_600px-02-e1414015439640.png\",\"contentUrl\":\"https:\/\/www.bgeo.es\/wp-content\/uploads\/2014\/09\/BGEO_LOGO_600px-02-e1414015439640.png\",\"width\":150,\"height\":78,\"caption\":\"BGEO\"},\"image\":{\"@id\":\"https:\/\/www.bgeo.es\/#logo\"}},{\"@type\":\"WebSite\",\"@id\":\"https:\/\/www.bgeo.es\/#website\",\"url\":\"https:\/\/www.bgeo.es\/\",\"name\":\"BGEO - OPEN GIS &amp; WATER SOLUTIONS\",\"description\":\"Open gis water solutions\",\"publisher\":{\"@id\":\"https:\/\/www.bgeo.es\/#organization\"},\"potentialAction\":[{\"@type\":\"SearchAction\",\"target\":{\"@type\":\"EntryPoint\",\"urlTemplate\":\"https:\/\/www.bgeo.es\/?s={search_term_string}\"},\"query-input\":\"required name=search_term_string\"}],\"inLanguage\":\"es\"},{\"@type\":\"ImageObject\",\"@id\":\"https:\/\/www.bgeo.es\/es\/bgeo-protagonista-en-las-jornadas-de-sig-libre\/#primaryimage\",\"inLanguage\":\"es\",\"url\":\"https:\/\/www.bgeo.es\/wp-content\/uploads\/2016\/06\/13263791_1617592945129854_7789743426014782938_n.jpg\",\"contentUrl\":\"https:\/\/www.bgeo.es\/wp-content\/uploads\/2016\/06\/13263791_1617592945129854_7789743426014782938_n.jpg\",\"width\":960,\"height\":540},{\"@type\":\"WebPage\",\"@id\":\"https:\/\/www.bgeo.es\/es\/bgeo-protagonista-en-las-jornadas-de-sig-libre\/#webpage\",\"url\":\"https:\/\/www.bgeo.es\/es\/bgeo-protagonista-en-las-jornadas-de-sig-libre\/\",\"name\":\"BGEO presente en las Jornadas de SIG Libre de Girona - BGEO - OPEN GIS &amp; WATER SOLUTIONS\",\"isPartOf\":{\"@id\":\"https:\/\/www.bgeo.es\/#website\"},\"primaryImageOfPage\":{\"@id\":\"https:\/\/www.bgeo.es\/es\/bgeo-protagonista-en-las-jornadas-de-sig-libre\/#primaryimage\"},\"datePublished\":\"2016-06-09T14:50:50+00:00\",\"dateModified\":\"2021-11-12T12:17:36+00:00\",\"breadcrumb\":{\"@id\":\"https:\/\/www.bgeo.es\/es\/bgeo-protagonista-en-las-jornadas-de-sig-libre\/#breadcrumb\"},\"inLanguage\":\"es\",\"potentialAction\":[{\"@type\":\"ReadAction\",\"target\":[\"https:\/\/www.bgeo.es\/es\/bgeo-protagonista-en-las-jornadas-de-sig-libre\/\"]}]},{\"@type\":\"BreadcrumbList\",\"@id\":\"https:\/\/www.bgeo.es\/es\/bgeo-protagonista-en-las-jornadas-de-sig-libre\/#breadcrumb\",\"itemListElement\":[{\"@type\":\"ListItem\",\"position\":1,\"name\":\"Inici\",\"item\":\"https:\/\/www.bgeo.es\/es\/\"},{\"@type\":\"ListItem\",\"position\":2,\"name\":\"BGEO presente en las Jornadas de SIG Libre de Girona\"}]},{\"@type\":\"Article\",\"@id\":\"https:\/\/www.bgeo.es\/es\/bgeo-protagonista-en-las-jornadas-de-sig-libre\/#article\",\"isPartOf\":{\"@id\":\"https:\/\/www.bgeo.es\/es\/bgeo-protagonista-en-las-jornadas-de-sig-libre\/#webpage\"},\"author\":{\"@id\":\"https:\/\/www.bgeo.es\/#\/schema\/person\/d89ebae787d55b9c1e9bb7c173edea9a\"},\"headline\":\"BGEO presente en las Jornadas de SIG Libre de Girona\",\"datePublished\":\"2016-06-09T14:50:50+00:00\",\"dateModified\":\"2021-11-12T12:17:36+00:00\",\"mainEntityOfPage\":{\"@id\":\"https:\/\/www.bgeo.es\/es\/bgeo-protagonista-en-las-jornadas-de-sig-libre\/#webpage\"},\"wordCount\":307,\"commentCount\":0,\"publisher\":{\"@id\":\"https:\/\/www.bgeo.es\/#organization\"},\"image\":{\"@id\":\"https:\/\/www.bgeo.es\/es\/bgeo-protagonista-en-las-jornadas-de-sig-libre\/#primaryimage\"},\"thumbnailUrl\":\"https:\/\/www.bgeo.es\/wp-content\/uploads\/2016\/06\/13263791_1617592945129854_7789743426014782938_n.jpg\",\"articleSection\":[\"COMPA\\u00d1IA\",\"Uncategorized\"],\"inLanguage\":\"es\",\"potentialAction\":[{\"@type\":\"CommentAction\",\"name\":\"Comment\",\"target\":[\"https:\/\/www.bgeo.es\/es\/bgeo-protagonista-en-las-jornadas-de-sig-libre\/#respond\"]}]},{\"@type\":\"Person\",\"@id\":\"https:\/\/www.bgeo.es\/#\/schema\/person\/d89ebae787d55b9c1e9bb7c173edea9a\",\"name\":\"admin\",\"image\":{\"@type\":\"ImageObject\",\"@id\":\"https:\/\/www.bgeo.es\/#personlogo\",\"inLanguage\":\"es\",\"url\":\"https:\/\/secure.gravatar.com\/avatar\/bc5fb6de3f9dd61573ddd6b960e9f5d0?s=96&d=mm&r=g\",\"contentUrl\":\"https:\/\/secure.gravatar.com\/avatar\/bc5fb6de3f9dd61573ddd6b960e9f5d0?s=96&d=mm&r=g\",\"caption\":\"admin\"}}]}<\/script>\n<!-- \/ Yoast SEO plugin. -->","yoast_head_json":{"title":"BGEO presente en las Jornadas de SIG Libre de Girona - BGEO - OPEN GIS &amp; WATER SOLUTIONS","robots":{"index":"index","follow":"follow","max-snippet":"max-snippet:-1","max-image-preview":"max-image-preview:large","max-video-preview":"max-video-preview:-1"},"canonical":"https:\/\/www.bgeo.es\/es\/bgeo-protagonista-en-las-jornadas-de-sig-libre\/","og_locale":"es_ES","og_type":"article","og_title":"BGEO presente en las Jornadas de SIG Libre de Girona - BGEO - OPEN GIS &amp; WATER SOLUTIONS","og_description":"BGEO tuvo un papel destacado en la Jornadas de SIG Libre organizadas este mes de mayo por SIGTE (Servicio de Sistemas de Informaci\u00f3n Geogr\u00e1fica y Teledetecci\u00f3n de la Universitat de Girona). Xavier Torret y Josep Llu\u00eds Sala (BGEO), acompa\u00f1ados de Vicente Medina (GITS-UPC), impartieron una charla sobre Gesti\u00f3n de firmes y pavimentos urbanos con QGIS [&hellip;]","og_url":"https:\/\/www.bgeo.es\/es\/bgeo-protagonista-en-las-jornadas-de-sig-libre\/","og_site_name":"BGEO - OPEN GIS &amp; WATER SOLUTIONS","article_publisher":"https:\/\/www.facebook.com\/bgeo.opengis\/","article_published_time":"2016-06-09T14:50:50+00:00","article_modified_time":"2021-11-12T12:17:36+00:00","og_image":[{"width":960,"height":540,"url":"https:\/\/www.bgeo.es\/wp-content\/uploads\/2016\/06\/13263791_1617592945129854_7789743426014782938_n.jpg","type":"image\/jpeg"}],"twitter_card":"summary_large_image","twitter_creator":"@bgeo_opengis","twitter_site":"@bgeo_opengis","twitter_misc":{"Escrito por":"admin","Tiempo de lectura":"1 minuto"},"schema":{"@context":"https:\/\/schema.org","@graph":[{"@type":"Organization","@id":"https:\/\/www.bgeo.es\/#organization","name":"BGEO","url":"https:\/\/www.bgeo.es\/","sameAs":["https:\/\/www.facebook.com\/bgeo.opengis\/","https:\/\/www.instagram.com\/bgeogis\/","https:\/\/www.linkedin.com\/company\/bgeoopengissl\/","https:\/\/twitter.com\/bgeo_opengis"],"logo":{"@type":"ImageObject","@id":"https:\/\/www.bgeo.es\/#logo","inLanguage":"es","url":"https:\/\/www.bgeo.es\/wp-content\/uploads\/2014\/09\/BGEO_LOGO_600px-02-e1414015439640.png","contentUrl":"https:\/\/www.bgeo.es\/wp-content\/uploads\/2014\/09\/BGEO_LOGO_600px-02-e1414015439640.png","width":150,"height":78,"caption":"BGEO"},"image":{"@id":"https:\/\/www.bgeo.es\/#logo"}},{"@type":"WebSite","@id":"https:\/\/www.bgeo.es\/#website","url":"https:\/\/www.bgeo.es\/","name":"BGEO - OPEN GIS &amp; WATER SOLUTIONS","description":"Open gis water solutions","publisher":{"@id":"https:\/\/www.bgeo.es\/#organization"},"potentialAction":[{"@type":"SearchAction","target":{"@type":"EntryPoint","urlTemplate":"https:\/\/www.bgeo.es\/?s={search_term_string}"},"query-input":"required name=search_term_string"}],"inLanguage":"es"},{"@type":"ImageObject","@id":"https:\/\/www.bgeo.es\/es\/bgeo-protagonista-en-las-jornadas-de-sig-libre\/#primaryimage","inLanguage":"es","url":"https:\/\/www.bgeo.es\/wp-content\/uploads\/2016\/06\/13263791_1617592945129854_7789743426014782938_n.jpg","contentUrl":"https:\/\/www.bgeo.es\/wp-content\/uploads\/2016\/06\/13263791_1617592945129854_7789743426014782938_n.jpg","width":960,"height":540},{"@type":"WebPage","@id":"https:\/\/www.bgeo.es\/es\/bgeo-protagonista-en-las-jornadas-de-sig-libre\/#webpage","url":"https:\/\/www.bgeo.es\/es\/bgeo-protagonista-en-las-jornadas-de-sig-libre\/","name":"BGEO presente en las Jornadas de SIG Libre de Girona - BGEO - OPEN GIS &amp; WATER SOLUTIONS","isPartOf":{"@id":"https:\/\/www.bgeo.es\/#website"},"primaryImageOfPage":{"@id":"https:\/\/www.bgeo.es\/es\/bgeo-protagonista-en-las-jornadas-de-sig-libre\/#primaryimage"},"datePublished":"2016-06-09T14:50:50+00:00","dateModified":"2021-11-12T12:17:36+00:00","breadcrumb":{"@id":"https:\/\/www.bgeo.es\/es\/bgeo-protagonista-en-las-jornadas-de-sig-libre\/#breadcrumb"},"inLanguage":"es","potentialAction":[{"@type":"ReadAction","target":["https:\/\/www.bgeo.es\/es\/bgeo-protagonista-en-las-jornadas-de-sig-libre\/"]}]},{"@type":"BreadcrumbList","@id":"https:\/\/www.bgeo.es\/es\/bgeo-protagonista-en-las-jornadas-de-sig-libre\/#breadcrumb","itemListElement":[{"@type":"ListItem","position":1,"name":"Inici","item":"https:\/\/www.bgeo.es\/es\/"},{"@type":"ListItem","position":2,"name":"BGEO presente en las Jornadas de SIG Libre de Girona"}]},{"@type":"Article","@id":"https:\/\/www.bgeo.es\/es\/bgeo-protagonista-en-las-jornadas-de-sig-libre\/#article","isPartOf":{"@id":"https:\/\/www.bgeo.es\/es\/bgeo-protagonista-en-las-jornadas-de-sig-libre\/#webpage"},"author":{"@id":"https:\/\/www.bgeo.es\/#\/schema\/person\/d89ebae787d55b9c1e9bb7c173edea9a"},"headline":"BGEO presente en las Jornadas de SIG Libre de Girona","datePublished":"2016-06-09T14:50:50+00:00","dateModified":"2021-11-12T12:17:36+00:00","mainEntityOfPage":{"@id":"https:\/\/www.bgeo.es\/es\/bgeo-protagonista-en-las-jornadas-de-sig-libre\/#webpage"},"wordCount":307,"commentCount":0,"publisher":{"@id":"https:\/\/www.bgeo.es\/#organization"},"image":{"@id":"https:\/\/www.bgeo.es\/es\/bgeo-protagonista-en-las-jornadas-de-sig-libre\/#primaryimage"},"thumbnailUrl":"https:\/\/www.bgeo.es\/wp-content\/uploads\/2016\/06\/13263791_1617592945129854_7789743426014782938_n.jpg","articleSection":["COMPA\u00d1IA","Uncategorized"],"inLanguage":"es","potentialAction":[{"@type":"CommentAction","name":"Comment","target":["https:\/\/www.bgeo.es\/es\/bgeo-protagonista-en-las-jornadas-de-sig-libre\/#respond"]}]},{"@type":"Person","@id":"https:\/\/www.bgeo.es\/#\/schema\/person\/d89ebae787d55b9c1e9bb7c173edea9a","name":"admin","image":{"@type":"ImageObject","@id":"https:\/\/www.bgeo.es\/#personlogo","inLanguage":"es","url":"https:\/\/secure.gravatar.com\/avatar\/bc5fb6de3f9dd61573ddd6b960e9f5d0?s=96&d=mm&r=g","contentUrl":"https:\/\/secure.gravatar.com\/avatar\/bc5fb6de3f9dd61573ddd6b960e9f5d0?s=96&d=mm&r=g","caption":"admin"}}]}},"_links":{"self":[{"href":"https:\/\/www.bgeo.es\/es\/wp-json\/wp\/v2\/posts\/1782"}],"collection":[{"href":"https:\/\/www.bgeo.es\/es\/wp-json\/wp\/v2\/posts"}],"about":[{"href":"https:\/\/www.bgeo.es\/es\/wp-json\/wp\/v2\/types\/post"}],"author":[{"embeddable":true,"href":"https:\/\/www.bgeo.es\/es\/wp-json\/wp\/v2\/users\/1"}],"replies":[{"embeddable":true,"href":"https:\/\/www.bgeo.es\/es\/wp-json\/wp\/v2\/comments?post=1782"}],"version-history":[{"count":2,"href":"https:\/\/www.bgeo.es\/es\/wp-json\/wp\/v2\/posts\/1782\/revisions"}],"predecessor-version":[{"id":1824,"href":"https:\/\/www.bgeo.es\/es\/wp-json\/wp\/v2\/posts\/1782\/revisions\/1824"}],"wp:featuredmedia":[{"embeddable":true,"href":"https:\/\/www.bgeo.es\/es\/wp-json\/wp\/v2\/media\/1778"}],"wp:attachment":[{"href":"https:\/\/www.bgeo.es\/es\/wp-json\/wp\/v2\/media?parent=1782"}],"wp:term":[{"taxonomy":"category","embeddable":true,"href":"https:\/\/www.bgeo.es\/es\/wp-json\/wp\/v2\/categories?post=1782"},{"taxonomy":"post_tag","embeddable":true,"href":"https:\/\/www.bgeo.es\/es\/wp-json\/wp\/v2\/tags?post=1782"}],"curies":[{"name":"wp","href":"https:\/\/api.w.org\/{rel}","templated":true}]}}